{"id":563,"date":"2017-10-16T15:25:13","date_gmt":"2017-10-16T13:25:13","guid":{"rendered":"https:\/\/www.humlegardenkonferens.se\/?p=563"},"modified":"2017-10-16T15:27:22","modified_gmt":"2017-10-16T13:27:22","slug":"prova-innan-du-bokar-boka-personlig-visning-med-frukost-eller-fika","status":"publish","type":"post","link":"https:\/\/www.humlegardenkonferens.se\/index.php\/2017\/10\/16\/prova-innan-du-bokar-boka-personlig-visning-med-frukost-eller-fika\/","title":{"rendered":"Prova innan du bokar \u2013 boka personlig visning med frukost eller fika den 23-24 oktober"},"content":{"rendered":"<p><strong>Vi ordnar m\u00f6ten f\u00f6r 2-50 personer. Vi vet att det \u00e4r viktigt att m\u00f6tas och kan ge dig goda f\u00f6ruts\u00e4ttningar f\u00f6r att du ska f\u00e5 till ett lyckat m\u00f6te hos oss. Lika viktigt som att m\u00f6tas under bra omst\u00e4ndigheter \u00e4r det att fylla p\u00e5 med bra energi under m\u00f6tet.<\/strong><\/p>\n<p>Alla har vi n\u00e5gon g\u00e5ng varit p\u00e5 m\u00f6ten d\u00e4r fabriksbakat fikabr\u00f6d och blaskigt kaffe har dominerat intrycket under dagen. Med den vetskapen \u00e4r det viktigt f\u00f6r oss att erbjuda mat och dryck fr\u00e5n kvalitetsdrivna leverant\u00f6rer som alla l\u00e4gger extra k\u00e4rlek p\u00e5 sina produkter.<\/p>\n<p>Till exempel erbjuder vi handgjorda bakverk fr\u00e5n det franska konditoriet Gourmandise eller rykande f\u00e4rska frukostfrallor fr\u00e5n Fabrique Stenungsbager.<\/p>\n<p>Varf\u00f6r inte titta f\u00f6rbi p\u00e5 en fika eller frukost d\u00e4r du f\u00f6r m\u00f6jlighet provsmaka v\u00e5ra leverant\u00f6rers breda utbud av bakverk och sm\u00f6rg\u00e5sar tillsammans med oss m\u00e5ndagen den 23 oktober eller tisdagen 24 oktober? I samma veva visar vi dig g\u00e4rna runt i v\u00e5ra h\u00f6gt bel\u00e4gna lokaler med utsikt \u00f6ver \u00d6stermalms tak\u00e5sar.<\/p>\n<p>Boka en frukost eller fika med visning hos oss p\u00e5 info@humlegardenkonferens.se. OBS! Antalet tider \u00e4r begr\u00e4nsat.<\/p>\n<p>Varmt v\u00e4lkommen!<br \/>\nCaroline Martnell, konferensansvarig<\/p>\n","protected":false},"excerpt":{"rendered":"<p>Vi ordnar m\u00f6ten f\u00f6r 2-50 personer. Vi vet att det \u00e4r viktigt att m\u00f6tas och kan ge dig goda f\u00f6ruts\u00e4ttningar &hellip;<\/p>\n","protected":false},"author":3,"featured_media":533,"comment_status":"closed","ping_status":"open","sticky":false,"template":"","format":"standard","meta":{"footnotes":""},"categories":[9],"tags":[],"class_list":["post-563","post","type-post","status-publish","format-standard","has-post-thumbnail","hentry","category-erbjudanden"],"_links":{"self":[{"href":"https:\/\/www.humlegardenkonferens.se\/index.php\/wp-json\/wp\/v2\/posts\/563","targetHints":{"allow":["GET"]}}],"collection":[{"href":"https:\/\/www.humlegardenkonferens.se\/index.php\/wp-json\/wp\/v2\/posts"}],"about":[{"href":"https:\/\/www.humlegardenkonferens.se\/index.php\/wp-json\/wp\/v2\/types\/post"}],"author":[{"embeddable":true,"href":"https:\/\/www.humlegardenkonferens.se\/index.php\/wp-json\/wp\/v2\/users\/3"}],"replies":[{"embeddable":true,"href":"https:\/\/www.humlegardenkonferens.se\/index.php\/wp-json\/wp\/v2\/comments?post=563"}],"version-history":[{"count":0,"href":"https:\/\/www.humlegardenkonferens.se\/index.php\/wp-json\/wp\/v2\/posts\/563\/revisions"}],"wp:featuredmedia":[{"embeddable":true,"href":"https:\/\/www.humlegardenkonferens.se\/index.php\/wp-json\/wp\/v2\/media\/533"}],"wp:attachment":[{"href":"https:\/\/www.humlegardenkonferens.se\/index.php\/wp-json\/wp\/v2\/media?parent=563"}],"wp:term":[{"taxonomy":"category","embeddable":true,"href":"https:\/\/www.humlegardenkonferens.se\/index.php\/wp-json\/wp\/v2\/categories?post=563"},{"taxonomy":"post_tag","embeddable":true,"href":"https:\/\/www.humlegardenkonferens.se\/index.php\/wp-json\/wp\/v2\/tags?post=563"}],"curies":[{"name":"wp","href":"https:\/\/api.w.org\/{rel}","templated":true}]}}