{"id":477,"date":"2017-06-15T10:16:03","date_gmt":"2017-06-15T08:16:03","guid":{"rendered":"https:\/\/www.humlegardenkonferens.se\/?p=477"},"modified":"2017-06-15T11:13:48","modified_gmt":"2017-06-15T09:13:48","slug":"valkommen-caroline-ny-konferensansvarig-humlegarden-konferens","status":"publish","type":"post","link":"https:\/\/www.humlegardenkonferens.se\/index.php\/2017\/06\/15\/valkommen-caroline-ny-konferensansvarig-humlegarden-konferens\/","title":{"rendered":"V\u00e4lkommen Caroline \u2013 ny konferensansvarig f\u00f6r Humleg\u00e5rden konferens!"},"content":{"rendered":"<p><strong>S\u00f6kandet \u00e4r \u00f6ver, rekryteringsprocessen f\u00e4rdig. Vi s\u00e4ger\u00a0v\u00e4lkommen till Caroline, tidigare receptionist och konferensansvarig hos Connect Hotels.<\/strong><\/p>\n<p>V\u00e5r nya konferensansvariga, Caroline, b\u00f6rjar hos oss i augusti och kommer vara den som tar hand om inkommande bokningar, samordnar v\u00e5ra events, ser till att v\u00e5ra konferensv\u00e4rdar levererar p\u00e5 topp \u2013 allt f\u00f6r att din upplevelse hos oss blir den b\u00e4sta t\u00e4nkbara. Superkul tycker vi!<\/p>\n<p>Vi har passat p\u00e5 att tr\u00e4ffa Caroline en stund i f\u00f6rv\u00e4g, innan allvaret b\u00f6rjar p\u00e5 riktigt, f\u00f6r att f\u00e5 l\u00e4ra k\u00e4nna henne lite b\u00e4ttre. Det vill vi ge er m\u00f6jlighet att f\u00e5 g\u00f6ra ocks\u00e5, och har satt ihop en kortare intervju d\u00e4r hon f\u00e5r ber\u00e4tta om sig sj\u00e4lv.<\/p>\n<p><img loading=\"lazy\" decoding=\"async\" class=\"aligncenter wp-image-479 size-full\" src=\"https:\/\/www.humlegardenkonferens.se\/wp-content\/uploads\/2017\/06\/Caroline_.jpg\" alt=\"\" width=\"4608\" height=\"3072\" srcset=\"https:\/\/www.humlegardenkonferens.se\/wp-content\/uploads\/2017\/06\/Caroline_.jpg 4608w, https:\/\/www.humlegardenkonferens.se\/wp-content\/uploads\/2017\/06\/Caroline_-300x200.jpg 300w, https:\/\/www.humlegardenkonferens.se\/wp-content\/uploads\/2017\/06\/Caroline_-768x512.jpg 768w, https:\/\/www.humlegardenkonferens.se\/wp-content\/uploads\/2017\/06\/Caroline_-1024x683.jpg 1024w, https:\/\/www.humlegardenkonferens.se\/wp-content\/uploads\/2017\/06\/Caroline_-360x240.jpg 360w\" sizes=\"auto, (max-width: 4608px) 100vw, 4608px\" \/><\/p>\n<p><strong>N\u00e5gra snabba fr\u00e5gor till Caroline:<\/strong><\/p>\n<p><em style=\"font-size: 1rem;\">Ber\u00e4tta lite vad du har gjort tidigare?<\/em><\/p>\n<p>\u2013 Jag har jobbat p\u00e5 Connect Hotels i Kista som receptionist och ansvarat f\u00f6r bokningar av deras konferenser. Innan jag\u00a0b\u00f6rjade arbeta med service under 2015, s\u00e5lde jag resor till utl\u00e4ndska turister fr\u00e5n Spanien, Portugal, eller Brasilien som ville bes\u00f6ka oss i Norden. Jag har med andra ord mycket god vana att arbeta med m\u00e4nniskor och deras \u00f6nskem\u00e5l.<\/p>\n<p><em>Vilka egenskaper g\u00f6r att du passar f\u00f6r jobbet?<\/em><\/p>\n<p>\u2013 Jag \u00e4r noggrann, mycket service minded och alltid glad och trevlig. Jag vill ha ordning och reda och l\u00e4gger mycket uppm\u00e4rksamhet p\u00e5 detaljer. Det \u00e4r viktigt f\u00f6r helhetsintrycket.<\/p>\n<p><em>Vad kan du bidra med f\u00f6r att g\u00f6ra v\u00e5ra kunders upplevelse s\u00e5 bra som m\u00f6jligt.<\/em><\/p>\n<p>\u2013 Jag anstr\u00e4nger mig alltid f\u00f6r att se kunderna, och att verkligen ta in och f\u00f6rst\u00e5 deras behov. D\u00e4rtill arbetar jag l\u00f6sningsorienterat f\u00f6r att deras upplevelse blir den b\u00e4sta t\u00e4nkbara och f\u00f6r att kunderna verkligen ska f\u00e5 som de vill ha det.<\/p>\n<p><em>Hur k\u00e4nns det att vara h\u00e4r?<\/em><\/p>\n<p>\u2013 Det k\u00e4nns j\u00e4ttekul. Jag vill b\u00f6rja direkt. Men jag f\u00e5r ha t\u00e5lamod till augusti, d\u00e5 jag p\u00e5b\u00f6rjar min tj\u00e4nst p\u00e5 heltid. Jag ser mycket fram emot det h\u00e4r jobbet \u2013 arbetsuppgifterna k\u00e4nns roliga och sp\u00e4nnande. Det kommer att bli en intressant och utvecklande utmaning eftersom jag f\u00e5r ta ett stort ansvar f\u00f6r verksamheten.<\/p>\n<p><em>Vad tycker du om v\u00e5ra lokaler?<\/em><\/p>\n<p>\u2013 Mycket ljust och fr\u00e4scht med rena och snygga lokaler, precis som jag vill ha det. Terrassen \u00e4r verkligen schysst, supertrevlig f\u00f6r sommarm\u00e5naderna.<\/p>\n<p><em>Hur spenderar du helst fritiden?<\/em><\/p>\n<p>\u2013 P\u00e5 min fritid umg\u00e5s jag g\u00e4rna med familjen och v\u00e4nner. Spenderar mycket tid i naturen vilket \u00e4ven gynnar min ganska aktiva livsstil med segling och cykling som centrala intressen.<\/p>\n<p>\u00c5terigen, vi h\u00e4lsar dig varmt v\u00e4lkommen till Humleg\u00e5rden konferens!<\/p>\n<p>&nbsp;<\/p>\n<p>&nbsp;<\/p>\n","protected":false},"excerpt":{"rendered":"<p>S\u00f6kandet \u00e4r \u00f6ver, rekryteringsprocessen f\u00e4rdig. Vi s\u00e4ger\u00a0v\u00e4lkommen till Caroline, tidigare receptionist och konferensansvarig hos Connect Hotels. V\u00e5r nya konferensansvariga, Caroline, &hellip;<\/p>\n","protected":false},"author":3,"featured_media":478,"comment_status":"closed","ping_status":"open","sticky":false,"template":"","format":"standard","meta":{"footnotes":""},"categories":[8],"tags":[],"class_list":["post-477","post","type-post","status-publish","format-standard","has-post-thumbnail","hentry","category-senaste-nytt"],"_links":{"self":[{"href":"https:\/\/www.humlegardenkonferens.se\/index.php\/wp-json\/wp\/v2\/posts\/477","targetHints":{"allow":["GET"]}}],"collection":[{"href":"https:\/\/www.humlegardenkonferens.se\/index.php\/wp-json\/wp\/v2\/posts"}],"about":[{"href":"https:\/\/www.humlegardenkonferens.se\/index.php\/wp-json\/wp\/v2\/types\/post"}],"author":[{"embeddable":true,"href":"https:\/\/www.humlegardenkonferens.se\/index.php\/wp-json\/wp\/v2\/users\/3"}],"replies":[{"embeddable":true,"href":"https:\/\/www.humlegardenkonferens.se\/index.php\/wp-json\/wp\/v2\/comments?post=477"}],"version-history":[{"count":0,"href":"https:\/\/www.humlegardenkonferens.se\/index.php\/wp-json\/wp\/v2\/posts\/477\/revisions"}],"wp:featuredmedia":[{"embeddable":true,"href":"https:\/\/www.humlegardenkonferens.se\/index.php\/wp-json\/wp\/v2\/media\/478"}],"wp:attachment":[{"href":"https:\/\/www.humlegardenkonferens.se\/index.php\/wp-json\/wp\/v2\/media?parent=477"}],"wp:term":[{"taxonomy":"category","embeddable":true,"href":"https:\/\/www.humlegardenkonferens.se\/index.php\/wp-json\/wp\/v2\/categories?post=477"},{"taxonomy":"post_tag","embeddable":true,"href":"https:\/\/www.humlegardenkonferens.se\/index.php\/wp-json\/wp\/v2\/tags?post=477"}],"curies":[{"name":"wp","href":"https:\/\/api.w.org\/{rel}","templated":true}]}}