{"id":302,"date":"2017-04-19T11:19:35","date_gmt":"2017-04-19T09:19:35","guid":{"rendered":"https:\/\/www.humlegardenkonferens.se\/?p=302"},"modified":"2017-04-20T10:38:47","modified_gmt":"2017-04-20T08:38:47","slug":"tala-proffsigt-3-tips","status":"publish","type":"post","link":"https:\/\/www.humlegardenkonferens.se\/index.php\/2017\/04\/19\/tala-proffsigt-3-tips\/","title":{"rendered":"Att tala proffsigt &#8211; tre enkla tips fr\u00e5n Per Furumo, expert p\u00e5 talartr\u00e4ning och retorik"},"content":{"rendered":"<p><strong>Konferensen \u00e4r bokad. Agendan \u00e4r satt. Klockan 13.10 \u00e4r det du som f\u00e5r ordet. Alla fakta \u00e4r i sin ordning. Powerpointen \u00e4r tydlig. Nu g\u00e4ller det bara att leverera. Men t\u00e4nk om \u00e5h\u00f6rarna blir uttr\u00e5kade eller oengagerade? Eller om du talar f\u00f6r snabbt, f\u00f6r otydligt? Det b\u00f6rjar vrida sig i kroppen och dina fina uppstyltade meningar b\u00f6rjar snart att flyta ihop i huvudet. <\/strong><\/p>\n<p>Det h\u00e4r \u00e4r n\u00e5got m\u00e5nga av oss n\u00e5gon g\u00e5ng upplevt, och ofta i stunder vi allra minst vill beh\u00f6va uppleva det. Under det d\u00e4r viktiga kundm\u00f6tet eller den viktiga presentationen under den stora \u00e5rliga konferensen. Att ha kontroll, eller \u00e4nnu v\u00e4rre, f\u00f6rs\u00f6ka \u00e5terf\u00e5 den i stunden kan vara ett gissel. Men det finns n\u00e5gra enkla knep f\u00f6r att ha kontroll fr\u00e5n b\u00f6rjan till slut. Och dessutom uppn\u00e5 det genomslag du innerst inne hoppas p\u00e5.<br \/>\n<img loading=\"lazy\" decoding=\"async\" src=\"https:\/\/www.humlegardenkonferens.se\/wp-content\/uploads\/2017\/03\/Per_Furumo_HK-nyhetsbrev-2.jpg\" alt=\"\" width=\"300\" height=\"200\" class=\"alignright size-full wp-image-370\" \/><\/p>\n<p>Per Furumo, expert p\u00e5 talartr\u00e4ning och retorik har stor erfarenhet av att utveckla ledare och anst\u00e4llda inom svenskt n\u00e4ringsliv att bli tydligare och kraftfullare i sin muntliga kommunikation. I den h\u00e4r artikeln delar Per med sig av tre enkla tips p\u00e5 hur du kan f\u00f6rb\u00e4ttra din prestation i ditt muntliga framf\u00f6rande, oavsett om \u201dscenen\u201d \u00e4r liten eller stor. <\/p>\n<p><strong>Inf\u00f6r konferensen \u2013 l\u00e4gg energi p\u00e5 att f\u00f6rbereda dina presentationer<\/strong><br \/>\nN\u00e4r vi anordnar konferenser skapar vi b\u00e5de tid och utrymme f\u00f6r organiserade och spontana m\u00f6ten. F\u00f6r att f\u00f6ruts\u00e4ttningarna f\u00f6r dessa m\u00f6ten och samtal ska bli optimala, l\u00e4gger vi ofta ner stor omsorg p\u00e5 att v\u00e4lja konferensanl\u00e4ggning, mat och underh\u00e5llning. I samma utstr\u00e4ckning \u00e4r det viktigt att reflektera \u00f6ver syftet med konferensen, vad \u00e4r det egentligen som ska kommuniceras? P\u00e5 vilka olika s\u00e4tt kan du genomf\u00f6ra ditt framtr\u00e4dande?<\/p>\n<p>S\u00e4kerligen vet du oftast vilken fakta eller information du ska framf\u00f6ra, men det \u00e4r l\u00e4tt att gl\u00f6mma eller rentav utel\u00e4mna hur du vill framf\u00f6ra det. Fokus ligger ofta vid att enbart redovisa inneh\u00e5ll utan en tanke p\u00e5 att den muntliga leveransen i h\u00f6g grad p\u00e5verkar <strong><em>hur<\/em><\/strong> dina \u00e5h\u00f6rare tar emot det du s\u00e4ger.  F\u00f6rbered dig med dig dessa tre tips inf\u00f6r ditt n\u00e4sta tal, och se till att \u00f6va ordentligt \u2013 det kommer l\u00f6na sig om du t\u00e4nker p\u00e5 att:<\/p>\n<p>1.\t<strong>Ha aldrig br\u00e5ttom, ta kommandot \u00f6ver situationen.<\/strong> Det handlar om f\u00f6rh\u00e5llningss\u00e4tt. Du kan ha ont om tid men aldrig br\u00e5ttom. Ingenting sl\u00e5r det lugna beteendet. Den som inte stressar \u00e4ger situationen.<\/p>\n<p>2.\t<strong>V\u00e5ga f\u00f6rst\u00e4rka artikulationen.<\/strong> Som mottagare \u00e4lskar vi tydlighet, att h\u00f6ra bra. God artikulation s\u00e4nder engagemang.<\/p>\n<p>3.\t<strong>Fr\u00e5ga dig sj\u00e4lv hur du kan ta n\u00e4sta steg f\u00f6r att attrahera till lyssning och interaktion.<\/strong> Hur skapar jag intresse, f\u00f6rv\u00e4ntan och nyfikenhet? Gl\u00f6m aldrig det pedagogiska perspektivet p\u00e5 det du s\u00e4ger.<\/p>\n<p>Se \u00e4ven alltid till att t\u00e4nka p\u00e5 f\u00f6ljande, i all din kommunikation: Vad vi s\u00e4ger \u00e4r viktigt \u2013 <strong><em>hur<\/em><\/strong> kan avg\u00f6ra genomslaget.<\/p>\n<p>Vill du utveckla din egen muntliga presentationsteknik? \u00c4r chefens framf\u00f6randen riktiga s\u00f6mnpiller?<br \/>\nPer Furumo ger individuella konsultationer, h\u00e5ller i workshops och f\u00f6rel\u00e4ser om talartr\u00e4ning, retorik och presentation \u2013 <a href=\"http:\/\/www.furumo.se\">www.furumo.se<\/a><\/p>\n<p>Planerar du att anordna konferens? <a href=\"https:\/\/www.humlegardenkonferens.se\/\">Ta g\u00e4rna en titt p\u00e5 v\u00e5ra lokaler. <\/a><\/p>\n","protected":false},"excerpt":{"rendered":"<p>Konferensen \u00e4r bokad. Agendan \u00e4r satt. Klockan 13.10 \u00e4r det du som f\u00e5r ordet. Alla fakta \u00e4r i sin ordning. &hellip;<\/p>\n","protected":false},"author":3,"featured_media":405,"comment_status":"closed","ping_status":"open","sticky":false,"template":"","format":"standard","meta":{"footnotes":""},"categories":[8],"tags":[],"class_list":["post-302","post","type-post","status-publish","format-standard","has-post-thumbnail","hentry","category-senaste-nytt"],"_links":{"self":[{"href":"https:\/\/www.humlegardenkonferens.se\/index.php\/wp-json\/wp\/v2\/posts\/302","targetHints":{"allow":["GET"]}}],"collection":[{"href":"https:\/\/www.humlegardenkonferens.se\/index.php\/wp-json\/wp\/v2\/posts"}],"about":[{"href":"https:\/\/www.humlegardenkonferens.se\/index.php\/wp-json\/wp\/v2\/types\/post"}],"author":[{"embeddable":true,"href":"https:\/\/www.humlegardenkonferens.se\/index.php\/wp-json\/wp\/v2\/users\/3"}],"replies":[{"embeddable":true,"href":"https:\/\/www.humlegardenkonferens.se\/index.php\/wp-json\/wp\/v2\/comments?post=302"}],"version-history":[{"count":0,"href":"https:\/\/www.humlegardenkonferens.se\/index.php\/wp-json\/wp\/v2\/posts\/302\/revisions"}],"wp:featuredmedia":[{"embeddable":true,"href":"https:\/\/www.humlegardenkonferens.se\/index.php\/wp-json\/wp\/v2\/media\/405"}],"wp:attachment":[{"href":"https:\/\/www.humlegardenkonferens.se\/index.php\/wp-json\/wp\/v2\/media?parent=302"}],"wp:term":[{"taxonomy":"category","embeddable":true,"href":"https:\/\/www.humlegardenkonferens.se\/index.php\/wp-json\/wp\/v2\/categories?post=302"},{"taxonomy":"post_tag","embeddable":true,"href":"https:\/\/www.humlegardenkonferens.se\/index.php\/wp-json\/wp\/v2\/tags?post=302"}],"curies":[{"name":"wp","href":"https:\/\/api.w.org\/{rel}","templated":true}]}}